{"id":15660,"date":"2019-01-30T09:00:06","date_gmt":"2019-01-30T08:00:06","guid":{"rendered":"https:\/\/www.csdesign.fr\/wordpress\/?p=15660"},"modified":"2021-01-08T14:45:16","modified_gmt":"2021-01-08T13:45:16","slug":"2019-plongez-au-coeur-des-canyons","status":"publish","type":"post","link":"https:\/\/www.csdesign.fr\/wordpress\/2019-plongez-au-coeur-des-canyons\/","title":{"rendered":"2019, Plongez au c\u0153ur des canyons"},"content":{"rendered":"<p>L\u2019ann\u00e9e commence bien pour CS DESIGN qui r\u00e9it\u00e8re sa collaboration avec PICTO M\u00e9diterran\u00e9e et ANAGRAM AUDIOVISUEL pour la cr\u00e9ation de la sc\u00e9nographie de l\u2019exposition \u00ab\u00a0Plong\u00e9e au c\u0153ur des canyons\u00a0\u00bb pour le parc national des Calanques.<\/p>\n<p><strong>Un sujet tr\u00e8s inspirant qui fera l\u2019objet de toute notre attention afin de cr\u00e9er, avec le parc, une exposition-d\u00e9couverte immersive et engageante\u00a0!<\/strong><\/p>\n<h2>Liens<\/h2>\n<ul>\n<li><a href=\"http:\/\/www.calanques-parcnational.fr\/fr\/actualites\/bientot-dans-le-parc-lexposition-plongee-au-coeur-des-canyons\" target=\"_blank\" rel=\"noopener noreferrer\">Parc national des Calanques<\/a><\/li>\n<\/ul>\n","protected":false},"excerpt":{"rendered":"<p>L\u2019ann\u00e9e commence bien pour CS DESIGN qui r\u00e9it\u00e8re sa collaboration avec PICTO M\u00e9diterran\u00e9e et ANAGRAM AUDIOVISUEL pour la cr\u00e9ation de la sc\u00e9nographie de l\u2019exposition \u00ab\u00a0Plong\u00e9e au c\u0153ur des canyons\u00a0\u00bb pour le parc national des Calanques. Un sujet tr\u00e8s inspirant qui fera l\u2019objet de toute notre attention afin de cr\u00e9er, avec le parc, une exposition-d\u00e9couverte immersive et engageante\u00a0! Liens Parc national des Calanques<\/p>\n","protected":false},"author":2,"featured_media":15662,"comment_status":"closed","ping_status":"open","sticky":false,"template":"","format":"standard","meta":{"footnotes":""},"categories":[32],"tags":[],"class_list":["post-15660","post","type-post","status-publish","format-standard","has-post-thumbnail","hentry","category-actualites"],"_links":{"self":[{"href":"https:\/\/www.csdesign.fr\/wordpress\/wp-json\/wp\/v2\/posts\/15660","targetHints":{"allow":["GET"]}}],"collection":[{"href":"https:\/\/www.csdesign.fr\/wordpress\/wp-json\/wp\/v2\/posts"}],"about":[{"href":"https:\/\/www.csdesign.fr\/wordpress\/wp-json\/wp\/v2\/types\/post"}],"author":[{"embeddable":true,"href":"https:\/\/www.csdesign.fr\/wordpress\/wp-json\/wp\/v2\/users\/2"}],"replies":[{"embeddable":true,"href":"https:\/\/www.csdesign.fr\/wordpress\/wp-json\/wp\/v2\/comments?post=15660"}],"version-history":[{"count":0,"href":"https:\/\/www.csdesign.fr\/wordpress\/wp-json\/wp\/v2\/posts\/15660\/revisions"}],"wp:featuredmedia":[{"embeddable":true,"href":"https:\/\/www.csdesign.fr\/wordpress\/wp-json\/wp\/v2\/media\/15662"}],"wp:attachment":[{"href":"https:\/\/www.csdesign.fr\/wordpress\/wp-json\/wp\/v2\/media?parent=15660"}],"wp:term":[{"taxonomy":"category","embeddable":true,"href":"https:\/\/www.csdesign.fr\/wordpress\/wp-json\/wp\/v2\/categories?post=15660"},{"taxonomy":"post_tag","embeddable":true,"href":"https:\/\/www.csdesign.fr\/wordpress\/wp-json\/wp\/v2\/tags?post=15660"}],"curies":[{"name":"wp","href":"https:\/\/api.w.org\/{rel}","templated":true}]}}